{"id":921,"date":"2024-12-29T20:12:19","date_gmt":"2024-12-29T17:12:19","guid":{"rendered":"https:\/\/havaportal.com.tr\/blog\/?p=921"},"modified":"2024-12-29T20:12:19","modified_gmt":"2024-12-29T17:12:19","slug":"guney-korede-buyuk-ucak-faciasi-179-can-kaybi","status":"publish","type":"post","link":"https:\/\/havaportal.com.tr\/blog\/guney-korede-buyuk-ucak-faciasi-179-can-kaybi\/","title":{"rendered":"G\u00fcney Kore&#8217;de B\u00fcy\u00fck U\u00e7ak Facias\u0131: 179 Can Kayb\u0131"},"content":{"rendered":"<h1><\/h1>\n<blockquote class=\"twitter-tweet\">\n<p dir=\"ltr\" lang=\"tr\">G\u00fcney Kore&#8217;deki U\u00e7ak Kazas\u0131: 29 Aral\u0131k 2024<br \/>\nSon geli\u015fmeler a\u015fa\u011f\u0131da<a href=\"https:\/\/twitter.com\/hashtag\/guneykore?src=hash&amp;ref_src=twsrc%5Etfw\" target=\"_blank\" rel=\"noopener\">#guneykore<\/a> <a href=\"https:\/\/twitter.com\/hashtag\/ucakkazas%C4%B1?src=hash&amp;ref_src=twsrc%5Etfw\" target=\"_blank\" rel=\"noopener\">#ucakkazas\u0131<\/a> <a href=\"https:\/\/twitter.com\/hashtag\/Korea?src=hash&amp;ref_src=twsrc%5Etfw\" target=\"_blank\" rel=\"noopener\">#Korea<\/a> <a href=\"https:\/\/twitter.com\/hashtag\/kore?src=hash&amp;ref_src=twsrc%5Etfw\" target=\"_blank\" rel=\"noopener\">#kore<\/a> <a href=\"https:\/\/twitter.com\/hashtag\/aviation?src=hash&amp;ref_src=twsrc%5Etfw\" target=\"_blank\" rel=\"noopener\">#aviation<\/a> <a href=\"https:\/\/twitter.com\/hashtag\/news?src=hash&amp;ref_src=twsrc%5Etfw\" target=\"_blank\" rel=\"noopener\">#news<\/a> <a href=\"https:\/\/t.co\/UY58pWe8q9\">pic.twitter.com\/UY58pWe8q9<\/a><\/p>\n<p>\u2014 havaPortal (@havaportalcomtr) <a href=\"https:\/\/twitter.com\/havaportalcomtr\/status\/1873415571448135765?ref_src=twsrc%5Etfw\" target=\"_blank\" rel=\"noopener\">December 29, 2024<\/a><\/p><\/blockquote>\n<p><script async src=\"https:\/\/platform.twitter.com\/widgets.js\" charset=\"utf-8\"><\/script><\/p>\n<h1><strong>G\u00fcney Kore&#8217;deki U\u00e7ak Kazas\u0131<\/strong><\/h1>\n<p class=\"!text-neutral-a12\">G\u00fcney Kore u\u00e7ak kazas\u0131 son dakika! Son dakika geli\u015fen habere g\u00f6re, G\u00fcney Kore&#8217;nin Muan \u015fehrinde meydana gelen trajik u\u00e7ak kazas\u0131nda 179 ki\u015fi hayat\u0131n\u0131 kaybetti. Jeju Air&#8217;e ait yolcu u\u00e7a\u011f\u0131n\u0131n ini\u015f s\u0131ras\u0131nda ya\u015fanan kontrols\u00fczl\u00fck sonucu duvara \u00e7arpmas\u0131 ve ard\u0131ndan meydana gelen patlama, havac\u0131l\u0131k tarihinin en b\u00fcy\u00fck felaketlerinden birine sebep oldu.<\/p>\n<div id=\"ez-toc-container\" class=\"ez-toc-v2_0_82_2 ez-toc-wrap-left counter-hierarchy ez-toc-counter ez-toc-black ez-toc-container-direction\">\n<div class=\"ez-toc-title-container\">\n<p class=\"ez-toc-title\" style=\"cursor:inherit\">Ba\u015fl\u0131klar<\/p>\n<span class=\"ez-toc-title-toggle\"><a href=\"#\" class=\"ez-toc-pull-right ez-toc-btn ez-toc-btn-xs ez-toc-btn-default ez-toc-toggle\" aria-label=\"\u0130\u00e7indekiler Tablosunu A\u00e7\/Kapat\"><span class=\"ez-toc-js-icon-con\"><span class=\"\"><span class=\"eztoc-hide\" style=\"display:none;\">Toggle<\/span><span class=\"ez-toc-icon-toggle-span\"><svg style=\"fill: #999;color:#999\" xmlns=\"http:\/\/www.w3.org\/2000\/svg\" class=\"list-377408\" width=\"20px\" height=\"20px\" viewBox=\"0 0 24 24\" fill=\"none\"><path d=\"M6 6H4v2h2V6zm14 0H8v2h12V6zM4 11h2v2H4v-2zm16 0H8v2h12v-2zM4 16h2v2H4v-2zm16 0H8v2h12v-2z\" fill=\"currentColor\"><\/path><\/svg><svg style=\"fill: #999;color:#999\" class=\"arrow-unsorted-368013\" xmlns=\"http:\/\/www.w3.org\/2000\/svg\" width=\"10px\" height=\"10px\" viewBox=\"0 0 24 24\" version=\"1.2\" baseProfile=\"tiny\"><path d=\"M18.2 9.3l-6.2-6.3-6.2 6.3c-.2.2-.3.4-.3.7s.1.5.3.7c.2.2.4.3.7.3h11c.3 0 .5-.1.7-.3.2-.2.3-.5.3-.7s-.1-.5-.3-.7zM5.8 14.7l6.2 6.3 6.2-6.3c.2-.2.3-.5.3-.7s-.1-.5-.3-.7c-.2-.2-.4-.3-.7-.3h-11c-.3 0-.5.1-.7.3-.2.2-.3.5-.3.7s.1.5.3.7z\"\/><\/svg><\/span><\/span><\/span><\/a><\/span><\/div>\n<nav><ul class='ez-toc-list ez-toc-list-level-1 ' ><li class='ez-toc-page-1 ez-toc-heading-level-2'><a class=\"ez-toc-link ez-toc-heading-1\" href=\"https:\/\/havaportal.com.tr\/blog\/guney-korede-buyuk-ucak-faciasi-179-can-kaybi\/#Kazanin_Detaylari_ve_Yasanan_Surec\" >Kazan\u0131n Detaylar\u0131 ve Ya\u015fanan S\u00fcre\u00e7<\/a><ul class='ez-toc-list-level-3' ><li class='ez-toc-heading-level-3'><a class=\"ez-toc-link ez-toc-heading-2\" href=\"https:\/\/havaportal.com.tr\/blog\/guney-korede-buyuk-ucak-faciasi-179-can-kaybi\/#Kaza_Oncesi_Yasananlar\" >Kaza \u00d6ncesi Ya\u015fananlar<\/a><\/li><\/ul><\/li><li class='ez-toc-page-1 ez-toc-heading-level-2'><a class=\"ez-toc-link ez-toc-heading-3\" href=\"https:\/\/havaportal.com.tr\/blog\/guney-korede-buyuk-ucak-faciasi-179-can-kaybi\/#Uzmanlar_Ne_Diyor\" >Uzmanlar Ne Diyor?<\/a><\/li><li class='ez-toc-page-1 ez-toc-heading-level-2'><a class=\"ez-toc-link ez-toc-heading-4\" href=\"https:\/\/havaportal.com.tr\/blog\/guney-korede-buyuk-ucak-faciasi-179-can-kaybi\/#Resmi_Aciklamalar_ve_Tepkiler\" >Resmi A\u00e7\u0131klamalar ve Tepkiler<\/a><ul class='ez-toc-list-level-3' ><li class='ez-toc-heading-level-3'><a class=\"ez-toc-link ez-toc-heading-5\" href=\"https:\/\/havaportal.com.tr\/blog\/guney-korede-buyuk-ucak-faciasi-179-can-kaybi\/#Uluslararasi_Tepkiler\" >Uluslararas\u0131 Tepkiler<\/a><\/li><\/ul><\/li><li class='ez-toc-page-1 ez-toc-heading-level-2'><a class=\"ez-toc-link ez-toc-heading-6\" href=\"https:\/\/havaportal.com.tr\/blog\/guney-korede-buyuk-ucak-faciasi-179-can-kaybi\/#Sorusturma_Sureci\" >Soru\u015fturma S\u00fcreci<\/a><\/li><\/ul><\/nav><\/div>\n<h2 class=\"!text-neutral-a12\"><span class=\"ez-toc-section\" id=\"Kazanin_Detaylari_ve_Yasanan_Surec\"><\/span><strong>Kazan\u0131n Detaylar\u0131 ve Ya\u015fanan S\u00fcre\u00e7<\/strong><span class=\"ez-toc-section-end\"><\/span><\/h2>\n<p class=\"!text-neutral-a12\">G\u00fcney Kore&#8217;nin resmi haber ajans\u0131 Yonhap&#8217;\u0131n aktard\u0131\u011f\u0131 bilgilere g\u00f6re:<\/p>\n<ul class=\"!text-neutral-a12\">\n<li class=\"!text-neutral-a12\">Bangkok-Muan seferini yapan u\u00e7ak, Muan Uluslararas\u0131 Havaliman\u0131&#8217;na ini\u015f yapmaya \u00e7al\u0131\u015f\u0131rken kaza yapt\u0131<\/li>\n<li class=\"!text-neutral-a12\">U\u00e7akta 175 yolcu ve 6 m\u00fcrettebat bulunuyordu<\/li>\n<li class=\"!text-neutral-a12\">Kazadan sadece 2 kabin g\u00f6revlisi sa\u011f kurtulabildi<\/li>\n<li class=\"!text-neutral-a12\">Yolcular\u0131n \u00e7o\u011funlu\u011fu G\u00fcney Kore vatanda\u015f\u0131yken, 2 ki\u015fi Tayland vatanda\u015f\u0131yd\u0131<\/li>\n<\/ul>\n<h3 class=\"!text-neutral-a12\"><span class=\"ez-toc-section\" id=\"Kaza_Oncesi_Yasananlar\"><\/span><strong>Kaza \u00d6ncesi Ya\u015fananlar<\/strong><span class=\"ez-toc-section-end\"><\/span><\/h3>\n<p class=\"!text-neutral-a12\">\u0130ni\u015f \u00f6ncesinde dikkat \u00e7eken geli\u015fmeler \u015f\u00f6yle:<\/p>\n<ul class=\"!text-neutral-a12\">\n<li class=\"!text-neutral-a12\">Kontrol kulesi, ini\u015ften 6 dakika \u00f6nce &#8220;ku\u015f \u00e7arpmas\u0131&#8221; konusunda uyar\u0131da bulundu<\/li>\n<li class=\"!text-neutral-a12\">Pilot, uyar\u0131n\u0131n ard\u0131ndan acil durum sinyali g\u00f6nderdi<\/li>\n<li class=\"!text-neutral-a12\">\u0130ni\u015f tak\u0131mlar\u0131nda ya\u015fanan ar\u0131za, zorunlu ini\u015fe sebep oldu<\/li>\n<\/ul>\n<h2 class=\"!text-neutral-a12\"><span class=\"ez-toc-section\" id=\"Uzmanlar_Ne_Diyor\"><\/span><strong>Uzmanlar Ne Diyor?<\/strong><span class=\"ez-toc-section-end\"><\/span><\/h2>\n<p class=\"!text-neutral-a12\">Havac\u0131l\u0131k edit\u00f6r\u00fc Geoffrey Thomas, kazayla ilgili \u015fu kritik sorular\u0131 g\u00fcndeme getirdi:<\/p>\n<ol class=\"!text-neutral-a12\">\n<li class=\"!text-neutral-a12\">Yang\u0131n s\u00f6nd\u00fcrme ekiplerinin m\u00fcdahale zamanlamas\u0131<\/li>\n<li class=\"!text-neutral-a12\">Pistin sonundaki beton duvar\u0131n varl\u0131\u011f\u0131<\/li>\n<li class=\"!text-neutral-a12\">\u0130ni\u015f tak\u0131mlar\u0131n\u0131n durumu<\/li>\n<li class=\"!text-neutral-a12\">U\u00e7a\u011f\u0131n pist sonunda \u00e7ak\u0131lma nedeni<\/li>\n<\/ol>\n<h2 class=\"!text-neutral-a12\"><span class=\"ez-toc-section\" id=\"Resmi_Aciklamalar_ve_Tepkiler\"><\/span><strong>Resmi A\u00e7\u0131klamalar ve Tepkiler<\/strong><span class=\"ez-toc-section-end\"><\/span><\/h2>\n<p class=\"!text-neutral-a12\">G\u00fcney Kore h\u00fck\u00fcmeti, kaza sonras\u0131 \u015fu ad\u0131mlar\u0131 att\u0131:<\/p>\n<ul class=\"!text-neutral-a12\">\n<li class=\"!text-neutral-a12\">7 g\u00fcnl\u00fck ulusal yas ilan edildi<\/li>\n<li class=\"!text-neutral-a12\">Muan &#8220;\u00f6zel afet b\u00f6lgesi&#8221; ilan edildi<\/li>\n<li class=\"!text-neutral-a12\">Jeju Air CEO&#8217;su Kim E-bae kamuoyundan \u00f6z\u00fcr diledi<\/li>\n<\/ul>\n<h3 class=\"!text-neutral-a12\"><span class=\"ez-toc-section\" id=\"Uluslararasi_Tepkiler\"><\/span><strong>Uluslararas\u0131 Tepkiler<\/strong><span class=\"ez-toc-section-end\"><\/span><\/h3>\n<p class=\"!text-neutral-a12\">T\u00fcrkiye Cumhurba\u015fkan\u0131 Recep Tayyip Erdo\u011fan, sosyal medya hesab\u0131ndan taziye mesaj\u0131 payla\u015farak G\u00fcney Kore halk\u0131na ba\u015fsa\u011fl\u0131\u011f\u0131 diledi.<\/p>\n<h2 class=\"!text-neutral-a12\"><span class=\"ez-toc-section\" id=\"Sorusturma_Sureci\"><\/span><strong>Soru\u015fturma S\u00fcreci<\/strong><span class=\"ez-toc-section-end\"><\/span><\/h2>\n<p class=\"!text-neutral-a12\">Kaza soru\u015fturmas\u0131nda \u00f6ne \u00e7\u0131kan noktalar:<\/p>\n<ul class=\"!text-neutral-a12\">\n<li class=\"!text-neutral-a12\">Kara kutuya ula\u015f\u0131ld\u0131<\/li>\n<li class=\"!text-neutral-a12\">Ku\u015f \u00e7arpmas\u0131 ihtimali ara\u015ft\u0131r\u0131l\u0131yor<\/li>\n<li class=\"!text-neutral-a12\">\u0130ni\u015f tak\u0131m\u0131 ar\u0131zas\u0131n\u0131n nedenleri inceleniyor<\/li>\n<\/ul>\n<p class=\"!text-neutral-a12\"><em>Bu trajik kaza ile ilgili geli\u015fmeleri takip etmeye devam edece\u011fiz. G\u00fcncel bilgiler i\u00e7in blog sitemizi takipte kal\u0131n.<\/em><\/p>\n<p><img decoding=\"async\" class=\"alignnone size-full wp-image-922\" src=\"https:\/\/havaportal.com.tr\/blog\/wp-content\/uploads\/2024\/12\/guney-kore-ucak-kazasi.jpg\" alt=\"G\u00fcney Kore u\u00e7ak kazas\u0131\" width=\"750\" height=\"557\" title=\"\" srcset=\"https:\/\/havaportal.com.tr\/blog\/wp-content\/uploads\/2024\/12\/guney-kore-ucak-kazasi.jpg 750w, https:\/\/havaportal.com.tr\/blog\/wp-content\/uploads\/2024\/12\/guney-kore-ucak-kazasi-566x420.jpg 566w, https:\/\/havaportal.com.tr\/blog\/wp-content\/uploads\/2024\/12\/guney-kore-ucak-kazasi-80x60.jpg 80w, https:\/\/havaportal.com.tr\/blog\/wp-content\/uploads\/2024\/12\/guney-kore-ucak-kazasi-150x111.jpg 150w, https:\/\/havaportal.com.tr\/blog\/wp-content\/uploads\/2024\/12\/guney-kore-ucak-kazasi-300x223.jpg 300w, https:\/\/havaportal.com.tr\/blog\/wp-content\/uploads\/2024\/12\/guney-kore-ucak-kazasi-485x360.jpg 485w, https:\/\/havaportal.com.tr\/blog\/wp-content\/uploads\/2024\/12\/guney-kore-ucak-kazasi-696x517.jpg 696w, https:\/\/havaportal.com.tr\/blog\/wp-content\/uploads\/2024\/12\/guney-kore-ucak-kazasi-265x198.jpg 265w\" sizes=\"(max-width: 750px) 100vw, 750px\" \/><\/p>\n","protected":false},"excerpt":{"rendered":"<p>G\u00fcney Kore&#8217;deki U\u00e7ak Kazas\u0131: 29 Aral\u0131k 2024 Son geli\u015fmeler a\u015fa\u011f\u0131da#guneykore #ucakkazas\u0131 #Korea #kore #aviation #news pic.twitter.com\/UY58pWe8q9 \u2014 havaPortal (@havaportalcomtr) December 29, 2024 G\u00fcney Kore&#8217;deki U\u00e7ak Kazas\u0131 G\u00fcney Kore u\u00e7ak kazas\u0131 son dakika! Son dakika geli\u015fen habere g\u00f6re, G\u00fcney Kore&#8217;nin Muan \u015fehrinde meydana gelen trajik u\u00e7ak kazas\u0131nda 179 ki\u015fi hayat\u0131n\u0131 kaybetti. Jeju Air&#8217;e ait yolcu u\u00e7a\u011f\u0131n\u0131n [&hellip;]<\/p>\n","protected":false},"author":1,"featured_media":922,"comment_status":"open","ping_status":"open","sticky":false,"template":"","format":"standard","meta":{"tdm_status":"","tdm_grid_status":"","footnotes":""},"categories":[11,199],"tags":[],"class_list":{"0":"post-921","1":"post","2":"type-post","3":"status-publish","4":"format-standard","5":"has-post-thumbnail","7":"category-haber","8":"category-ucak-kazalari"},"amp_enabled":true,"_links":{"self":[{"href":"https:\/\/havaportal.com.tr\/blog\/wp-json\/wp\/v2\/posts\/921","targetHints":{"allow":["GET"]}}],"collection":[{"href":"https:\/\/havaportal.com.tr\/blog\/wp-json\/wp\/v2\/posts"}],"about":[{"href":"https:\/\/havaportal.com.tr\/blog\/wp-json\/wp\/v2\/types\/post"}],"author":[{"embeddable":true,"href":"https:\/\/havaportal.com.tr\/blog\/wp-json\/wp\/v2\/users\/1"}],"replies":[{"embeddable":true,"href":"https:\/\/havaportal.com.tr\/blog\/wp-json\/wp\/v2\/comments?post=921"}],"version-history":[{"count":0,"href":"https:\/\/havaportal.com.tr\/blog\/wp-json\/wp\/v2\/posts\/921\/revisions"}],"wp:featuredmedia":[{"embeddable":true,"href":"https:\/\/havaportal.com.tr\/blog\/wp-json\/wp\/v2\/media\/922"}],"wp:attachment":[{"href":"https:\/\/havaportal.com.tr\/blog\/wp-json\/wp\/v2\/media?parent=921"}],"wp:term":[{"taxonomy":"category","embeddable":true,"href":"https:\/\/havaportal.com.tr\/blog\/wp-json\/wp\/v2\/categories?post=921"},{"taxonomy":"post_tag","embeddable":true,"href":"https:\/\/havaportal.com.tr\/blog\/wp-json\/wp\/v2\/tags?post=921"}],"curies":[{"name":"wp","href":"https:\/\/api.w.org\/{rel}","templated":true}]}}